{"id":998,"date":"2024-11-19T06:40:00","date_gmt":"2024-11-19T09:40:00","guid":{"rendered":"http:\/\/developer.mundodarua.com.br\/?p=998"},"modified":"2024-12-09T14:46:03","modified_gmt":"2024-12-09T17:46:03","slug":"jota-pe-faz-historia-com-tres-premios-no-grammy-latino-2024","status":"publish","type":"post","link":"https:\/\/consultmarketingdigital.dev.br\/mundodarua\/2024\/11\/19\/jota-pe-faz-historia-com-tres-premios-no-grammy-latino-2024\/","title":{"rendered":"Jota.p\u00ea Faz Hist\u00f3ria com Tr\u00eas Pr\u00eamios no Grammy Latino 2024"},"content":{"rendered":"\n<p>O cantor e compositor Jota.p\u00ea, um dos grandes nomes da nova gera\u00e7\u00e3o da m\u00fasica brasileira, marcou o Grammy Latino 2024 ao conquistar tr\u00eas pr\u00eamios importantes. Seu \u00e1lbum mais recente, <em>&#8220;Se Meu Peito Fosse Mundo&#8221;<\/em>, foi laureado nas categorias <strong>Melhor \u00c1lbum de M\u00fasica Popular Brasileira\/M\u00fasica Afro-Brasileira<\/strong> e <strong>Melhor \u00c1lbum de Engenharia de Grava\u00e7\u00e3o<\/strong>, consolidando o artista como uma for\u00e7a criativa no cen\u00e1rio musical. Al\u00e9m disso, a faixa <em>&#8220;Ouro Marrom&#8221;<\/em> recebeu indica\u00e7\u00e3o para <strong>Melhor Can\u00e7\u00e3o em L\u00edngua Portuguesa<\/strong>, reafirmando o talento l\u00edrico do m\u00fasico.<\/p>\n\n\n\n<h3 class=\"wp-block-heading\"><strong>Uma Noite de Reconhecimento e Emo\u00e7\u00e3o<\/strong><\/h3>\n\n\n\n<p>Ao receber o pr\u00eamio de Melhor \u00c1lbum de M\u00fasica Popular Brasileira\/M\u00fasica Afro-Brasileira, Jota.p\u00ea emocionou o p\u00fablico ao falar sobre sua trajet\u00f3ria.<\/p>\n\n\n\n<blockquote class=\"wp-block-quote is-layout-flow wp-block-quote-is-layout-flow\">\n<p>&#8220;Ver que meu sonho \u00e9 poss\u00edvel, perceber que viver de m\u00fasica \u00e9 poss\u00edvel pra um cara preto, de Osasco, do Brasil. Um disco n\u00e3o se faz sozinho, ent\u00e3o quero agradecer a cada um dos m\u00fasicos, engenheiros de grava\u00e7\u00e3o e produtores que tornaram o meu sonho poss\u00edvel. Muito obrigado a todos.&#8221;<\/p>\n<\/blockquote>\n\n\n\n<p>A vit\u00f3ria tamb\u00e9m foi um marco para a representatividade negra na m\u00fasica brasileira. Sobre a faixa <em>&#8220;Ouro Marrom&#8221;<\/em>, inspirada em uma experi\u00eancia pessoal de racismo, o artista destacou:<\/p>\n\n\n\n<blockquote class=\"wp-block-quote is-layout-flow wp-block-quote-is-layout-flow\">\n<p>&#8220;Ser negro n\u00e3o \u00e9 sobre dor. \u00c9 sobre tudo o que a gente conquista e como chegamos at\u00e9 aqui. \u00c9 muito especial ganhar esse pr\u00eamio com essa m\u00fasica. Obrigado \u00e0 Som Livre, aos meus amigos artistas e a todos que acreditaram nesse projeto. Ax\u00e9!&#8221;<\/p>\n<\/blockquote>\n\n\n\n<h3 class=\"wp-block-heading\"><strong>Sucesso e N\u00fameros Impressionantes<\/strong><\/h3>\n\n\n\n<p>Com apenas um m\u00eas ap\u00f3s o lan\u00e7amento de <em>&#8220;Se Meu Peito Fosse Mundo&#8221;<\/em>, o \u00e1lbum j\u00e1 acumula mais de <strong>2,5 milh\u00f5es de plays no Spotify<\/strong>, refor\u00e7ando sua relev\u00e2ncia digital. Com produ\u00e7\u00e3o assinada por Felipe Vass\u00e3o, Rodrigo Lemos e Marcus Preto, o disco conta com colabora\u00e7\u00f5es de nomes como <strong>X\u00eania Fran\u00e7a<\/strong> e <strong>Gilsons<\/strong>. Al\u00e9m disso, duas faixas do \u00e1lbum \u2013 <em>&#8220;Ouro Marrom&#8221;<\/em> e <em>&#8220;Feito Mar\u00e9&#8221;<\/em> \u2013 est\u00e3o indicadas no Pr\u00eamio Multishow 2024 nas categorias <strong>\u00c1lbum do Ano<\/strong>, <strong>Artista Revela\u00e7\u00e3o<\/strong> e <strong>MPB do Ano<\/strong>.<\/p>\n\n\n\n<p>A m\u00fasica <em>&#8220;Carinhoso&#8221;<\/em>, regravada por Jota.p\u00ea, tamb\u00e9m ganhou destaque ao integrar a trilha sonora da novela <em>&#8220;A Garota do Momento&#8221;<\/em>, da Rede Globo.<\/p>\n\n\n\n<h3 class=\"wp-block-heading\"><strong>Uma Carreira de Grandes Passos<\/strong><\/h3>\n\n\n\n<p>Nascido em Osasco, Jota.p\u00ea iniciou sua trajet\u00f3ria musical em 2015 com o \u00e1lbum <em>&#8220;Cr\u00f4nicas de um Sonhador&#8221;<\/em>. Desde ent\u00e3o, sua sonoridade \u00fanica, que mistura influ\u00eancias de Jorge Ben, Caetano Veloso e o manguebeat de Chico Science, conquistou f\u00e3s dentro e fora do Brasil.<\/p>\n\n\n\n<p>Participante de destaque no <em>The Voice Brasil<\/em>, Jota.p\u00ea recebeu elogios de Lulu Santos como uma das melhores vozes da hist\u00f3ria do programa. Ap\u00f3s o reality, o artista realizou tr\u00eas turn\u00eas pela Europa, com shows esgotados em cidades importantes.<\/p>\n\n\n\n<p>Al\u00e9m de sua carreira solo, ele tamb\u00e9m \u00e9 vocalista e violonista do duo <strong>\u00c0VU\u00c0<\/strong>, ao lado de Bruna Black. O projeto foi indicado ao Grammy Latino em 2021 pelo \u00e1lbum <em>Onze<\/em>, que contou com colabora\u00e7\u00f5es de Elza Soares e Zeca Baleiro. O duo tamb\u00e9m brilhou internacionalmente ao ser convidado para o prestigiado <em>ColorsxStudios<\/em>.<\/p>\n\n\n\n<h3 class=\"wp-block-heading\"><strong>Um Futuro Brilhante pela Frente<\/strong><\/h3>\n\n\n\n<p>Com pr\u00eamios, indica\u00e7\u00f5es e aclama\u00e7\u00e3o cr\u00edtica, Jota.p\u00ea prova que \u00e9 uma das vozes mais relevantes da m\u00fasica brasileira atual. Sua habilidade de transitar entre g\u00eaneros e criar narrativas que emocionam e inspiram o p\u00fablico promete consolidar ainda mais seu legado. Se <em>&#8220;Se Meu Peito Fosse Mundo&#8221;<\/em> \u00e9 um indicativo, o futuro de Jota.p\u00ea est\u00e1 repleto de conquistas.<\/p>\n","protected":false},"excerpt":{"rendered":"<p>O cantor e compositor Jota.p\u00ea, um dos grandes nomes da nova gera\u00e7\u00e3o da m\u00fasica brasileira, marcou o Grammy Latino 2024 ao conquistar tr\u00eas pr\u00eamios importantes. <\/p>\n","protected":false},"author":1,"featured_media":999,"comment_status":"closed","ping_status":"closed","sticky":false,"template":"","format":"standard","meta":{"footnotes":""},"categories":[3],"tags":[60,551,581],"class_list":["post-998","post","type-post","status-publish","format-standard","has-post-thumbnail","hentry","category-musica","tag-featured","tag-grammy-latino","tag-jota-pe"],"_links":{"self":[{"href":"https:\/\/consultmarketingdigital.dev.br\/mundodarua\/wp-json\/wp\/v2\/posts\/998","targetHints":{"allow":["GET"]}}],"collection":[{"href":"https:\/\/consultmarketingdigital.dev.br\/mundodarua\/wp-json\/wp\/v2\/posts"}],"about":[{"href":"https:\/\/consultmarketingdigital.dev.br\/mundodarua\/wp-json\/wp\/v2\/types\/post"}],"author":[{"embeddable":true,"href":"https:\/\/consultmarketingdigital.dev.br\/mundodarua\/wp-json\/wp\/v2\/users\/1"}],"replies":[{"embeddable":true,"href":"https:\/\/consultmarketingdigital.dev.br\/mundodarua\/wp-json\/wp\/v2\/comments?post=998"}],"version-history":[{"count":1,"href":"https:\/\/consultmarketingdigital.dev.br\/mundodarua\/wp-json\/wp\/v2\/posts\/998\/revisions"}],"predecessor-version":[{"id":1000,"href":"https:\/\/consultmarketingdigital.dev.br\/mundodarua\/wp-json\/wp\/v2\/posts\/998\/revisions\/1000"}],"wp:featuredmedia":[{"embeddable":true,"href":"https:\/\/consultmarketingdigital.dev.br\/mundodarua\/wp-json\/wp\/v2\/media\/999"}],"wp:attachment":[{"href":"https:\/\/consultmarketingdigital.dev.br\/mundodarua\/wp-json\/wp\/v2\/media?parent=998"}],"wp:term":[{"taxonomy":"category","embeddable":true,"href":"https:\/\/consultmarketingdigital.dev.br\/mundodarua\/wp-json\/wp\/v2\/categories?post=998"},{"taxonomy":"post_tag","embeddable":true,"href":"https:\/\/consultmarketingdigital.dev.br\/mundodarua\/wp-json\/wp\/v2\/tags?post=998"}],"curies":[{"name":"wp","href":"https:\/\/api.w.org\/{rel}","templated":true}]}}