{"id":929,"date":"2024-11-16T08:24:06","date_gmt":"2024-11-16T11:24:06","guid":{"rendered":"http:\/\/developer.mundodarua.com.br\/?p=929"},"modified":"2024-12-09T14:46:52","modified_gmt":"2024-12-09T17:46:52","slug":"cachimbo-da-paz-2-de-gabriel-o-pensador-xama-e-lulu-santos-conquista-grammy-latino-2024","status":"publish","type":"post","link":"https:\/\/consultmarketingdigital.dev.br\/mundodarua\/2024\/11\/16\/cachimbo-da-paz-2-de-gabriel-o-pensador-xama-e-lulu-santos-conquista-grammy-latino-2024\/","title":{"rendered":"&#8220;Cachimbo da Paz 2&#8221; de Gabriel O Pensador, Xam\u00e3 e Lulu Santos Conquista Grammy Latino 2024"},"content":{"rendered":"\n<p>A m\u00fasica <strong>&#8220;Cachimbo da Paz 2&#8221;<\/strong>, fruto da colabora\u00e7\u00e3o entre Gabriel O Pensador, Xam\u00e3 e Lulu Santos, fez hist\u00f3ria ao vencer o <strong>Grammy Latino 2024<\/strong> na categoria de <strong>Melhor Interpreta\u00e7\u00e3o Urbana em L\u00edngua Portuguesa<\/strong>. A conquista n\u00e3o apenas celebra o talento dos artistas, mas tamb\u00e9m refor\u00e7a o impacto de uma faixa que atravessa gera\u00e7\u00f5es e continua a ressoar no cen\u00e1rio musical.<\/p>\n\n\n\n<h4 class=\"wp-block-heading\">A Import\u00e2ncia de &#8220;Cachimbo da Paz&#8221;<\/h4>\n\n\n\n<p>A primeira vers\u00e3o de &#8220;Cachimbo da Paz&#8221; foi lan\u00e7ada h\u00e1 28 anos e rapidamente se tornou um marco na carreira de Gabriel O Pensador e na hist\u00f3ria da m\u00fasica brasileira. Ao ser entrevistado pela <em>Billboard Brasil<\/em>, Gabriel destacou o significado da premia\u00e7\u00e3o:<\/p>\n\n\n\n<blockquote class=\"wp-block-quote is-layout-flow wp-block-quote-is-layout-flow\">\n<p>&#8220;\u00c9 muito peso, \u00e9 muita qualidade, fizemos um trabalho com muito carinho. \u00c9 importante esse pr\u00eamio para as fun\u00e7\u00f5es que a m\u00fasica tem, n\u00e3o s\u00f3 divertir, mas tamb\u00e9m questionar, informar. \u00c9 importante essa faixa estar representada nesta premia\u00e7\u00e3o&#8221;, afirmou o rapper.<\/p>\n<\/blockquote>\n\n\n\n<p>Com a nova vers\u00e3o, a m\u00fasica ganhou um novo f\u00f4lego e uniu tr\u00eas gera\u00e7\u00f5es da m\u00fasica brasileira, misturando rap, MPB e uma mensagem de uni\u00e3o.<\/p>\n\n\n\n<h4 class=\"wp-block-heading\">Tr\u00eas Gera\u00e7\u00f5es em Harmonia<\/h4>\n\n\n\n<p>Lulu Santos, \u00edcone da m\u00fasica brasileira, destacou a sintonia entre os artistas e a capacidade da arte de conectar diferentes \u00e9pocas e estilos:<\/p>\n\n\n\n<blockquote class=\"wp-block-quote is-layout-flow wp-block-quote-is-layout-flow\">\n<p>&#8220;A gente espera a vida inteira, fica se perguntando se cabemos nessa situa\u00e7\u00e3o. Eu que nunca tinha ganhado um Grammy, ganhei logo dois. \u00c9 uma alegria compartilhar isso com o criador da faixa e com o Xam\u00e3. Essa faixa mistura tr\u00eas gera\u00e7\u00f5es. Se tem uma coisa que a m\u00fasica faz, \u00e9 dissolver barreiras.&#8221;<\/p>\n<\/blockquote>\n\n\n\n<h4 class=\"wp-block-heading\">O Significado para Xam\u00e3<\/h4>\n\n\n\n<p>J\u00e1 o rapper Xam\u00e3 revelou a emo\u00e7\u00e3o de participar de um projeto que faz parte da sua trajet\u00f3ria pessoal:<\/p>\n\n\n\n<blockquote class=\"wp-block-quote is-layout-flow wp-block-quote-is-layout-flow\">\n<p>&#8220;Fiquei muito feliz, surpreso, foi muito significativo. O primeiro rapper que conheci foi o Gabriel O Pensador, a primeira m\u00fasica que aprendi foi &#8216;Cachimbo da Paz 1&#8217;. Antigamente eram uns CDs com livrinhos, decorar as rimas. Eu falei: \u2018p\u00f4, eu gosto de rap'&#8221;.<\/p>\n<\/blockquote>\n\n\n\n<h4 class=\"wp-block-heading\">O Impacto da Conquista<\/h4>\n\n\n\n<p>A vit\u00f3ria de &#8220;Cachimbo da Paz 2&#8221; no Grammy Latino vai al\u00e9m do reconhecimento art\u00edstico. Ela simboliza a for\u00e7a da m\u00fasica como ferramenta de transforma\u00e7\u00e3o social, capaz de provocar reflex\u00f5es e celebrar a diversidade cultural brasileira. A faixa mistura poesia, cr\u00edtica e melodia em um equil\u00edbrio que reflete o melhor da m\u00fasica urbana atual.<\/p>\n\n\n\n<p><strong>&#8220;Cachimbo da Paz 2&#8221; reafirma o poder da arte em unir gera\u00e7\u00f5es, dissolver barreiras e eternizar mensagens que permanecem relevantes ao longo do tempo.<\/strong><\/p>\n","protected":false},"excerpt":{"rendered":"<p>A m\u00fasica &#8220;Cachimbo da Paz 2&#8221;, fruto da colabora\u00e7\u00e3o entre Gabriel O Pensador, Xam\u00e3 e Lulu Santos, fez hist\u00f3ria ao vencer o Grammy Latino 2024 na categoria de Melhor Interpreta\u00e7\u00e3o Urbana em L\u00edngua Portuguesa.<\/p>\n","protected":false},"author":7,"featured_media":930,"comment_status":"closed","ping_status":"closed","sticky":false,"template":"","format":"standard","meta":{"footnotes":""},"categories":[3],"tags":[60,549,551,548,550],"class_list":["post-929","post","type-post","status-publish","format-standard","has-post-thumbnail","hentry","category-musica","tag-featured","tag-gabriel-o-pensador","tag-grammy-latino","tag-lulu-santos","tag-xama"],"_links":{"self":[{"href":"https:\/\/consultmarketingdigital.dev.br\/mundodarua\/wp-json\/wp\/v2\/posts\/929","targetHints":{"allow":["GET"]}}],"collection":[{"href":"https:\/\/consultmarketingdigital.dev.br\/mundodarua\/wp-json\/wp\/v2\/posts"}],"about":[{"href":"https:\/\/consultmarketingdigital.dev.br\/mundodarua\/wp-json\/wp\/v2\/types\/post"}],"author":[{"embeddable":true,"href":"https:\/\/consultmarketingdigital.dev.br\/mundodarua\/wp-json\/wp\/v2\/users\/7"}],"replies":[{"embeddable":true,"href":"https:\/\/consultmarketingdigital.dev.br\/mundodarua\/wp-json\/wp\/v2\/comments?post=929"}],"version-history":[{"count":1,"href":"https:\/\/consultmarketingdigital.dev.br\/mundodarua\/wp-json\/wp\/v2\/posts\/929\/revisions"}],"predecessor-version":[{"id":931,"href":"https:\/\/consultmarketingdigital.dev.br\/mundodarua\/wp-json\/wp\/v2\/posts\/929\/revisions\/931"}],"wp:featuredmedia":[{"embeddable":true,"href":"https:\/\/consultmarketingdigital.dev.br\/mundodarua\/wp-json\/wp\/v2\/media\/930"}],"wp:attachment":[{"href":"https:\/\/consultmarketingdigital.dev.br\/mundodarua\/wp-json\/wp\/v2\/media?parent=929"}],"wp:term":[{"taxonomy":"category","embeddable":true,"href":"https:\/\/consultmarketingdigital.dev.br\/mundodarua\/wp-json\/wp\/v2\/categories?post=929"},{"taxonomy":"post_tag","embeddable":true,"href":"https:\/\/consultmarketingdigital.dev.br\/mundodarua\/wp-json\/wp\/v2\/tags?post=929"}],"curies":[{"name":"wp","href":"https:\/\/api.w.org\/{rel}","templated":true}]}}