{"id":901,"date":"2024-11-15T06:00:00","date_gmt":"2024-11-15T09:00:00","guid":{"rendered":"http:\/\/developer.mundodarua.com.br\/?p=901"},"modified":"2024-12-09T17:12:46","modified_gmt":"2024-12-09T20:12:46","slug":"rael-lanca-na-pista-sem-lei-com-participacoes-de-rincon-sapiencia-e-fbc","status":"publish","type":"post","link":"https:\/\/consultmarketingdigital.dev.br\/mundodarua\/2024\/11\/15\/rael-lanca-na-pista-sem-lei-com-participacoes-de-rincon-sapiencia-e-fbc\/","title":{"rendered":"Rael lan\u00e7a \u201cNa Pista Sem Lei\u201d com participa\u00e7\u00f5es de Rincon Sapi\u00eancia e FBC"},"content":{"rendered":"\n<p>Em homenagem ao Dia da Consci\u00eancia Negra, o rapper e compositor paulistano Rael lan\u00e7a o single &#8220;Na Pista Sem Lei&#8221;, o primeiro de seu novo \u00e1lbum, previsto para o in\u00edcio de 2025. A faixa, que chega \u00e0s plataformas digitais no dia 12 de novembro pela Laborat\u00f3rio Fantasma, traz participa\u00e7\u00f5es de peso: Rincon Sapi\u00eancia e FBC, somando suas vozes e estilos ao projeto. Para celebrar o lan\u00e7amento, um videoclipe foi apresentado em uma edi\u00e7\u00e3o especial da festa Discop\u00e9dia, no Cineclube Cortina, em S\u00e3o Paulo, e estar\u00e1 dispon\u00edvel no YouTube de Rael no dia 13 de novembro \u00e0s 18h.<\/p>\n\n\n\n<h4 class=\"wp-block-heading\">Uma Celebra\u00e7\u00e3o \u00e0 Vida e \u00e0 Resist\u00eancia<\/h4>\n\n\n\n<p>Rael define \u201cNa Pista Sem Lei\u201d como uma m\u00fasica de celebra\u00e7\u00e3o e resist\u00eancia, inspirada pela alegria coletiva e pelo esp\u00edrito de liberdade. Com uma mistura de afropop e afrohouse, a faixa simboliza uma resposta \u00e0s opress\u00f5es do cotidiano, promovendo autoestima e amor pr\u00f3prio. \u201cA alegria \u00e9 uma arma poderosa. \u2018Na Pista Sem Lei\u2019 \u00e9 sobre estar vivo, celebrar cada momento e se libertar das tens\u00f5es do dia a dia,\u201d reflete Rael. Para ele, ouvir a m\u00fasica \u00e9 como &#8220;sair um pouco da Matrix&#8221;, desconectando-se das press\u00f5es e mergulhando em uma experi\u00eancia de cura e renova\u00e7\u00e3o.<\/p>\n\n\n\n<h4 class=\"wp-block-heading\">Colabora\u00e7\u00f5es de Peso com Rincon Sapi\u00eancia e FBC<\/h4>\n\n\n\n<p>Al\u00e9m de suas ra\u00edzes no rap, Rael sempre experimentou com diferentes g\u00eaneros, e em \u201cNa Pista Sem Lei\u201d, ele aprofunda essa versatilidade com colabora\u00e7\u00f5es que ampliam a riqueza sonora da faixa. Rincon Sapi\u00eancia, com suas letras elegantes e incisivas, e FBC, que trouxe a est\u00e9tica vibrante do disco e do house, contribuem com atmosferas \u00fanicas \u00e0 can\u00e7\u00e3o. \u201cEu j\u00e1 era f\u00e3 do Rincon e do trabalho do FBC, e sabia que essa conex\u00e3o daria certo. Cada um trouxe uma subjetividade musical que casou perfeitamente com a proposta da m\u00fasica,\u201d comenta Rael.<\/p>\n\n\n\n<h4 class=\"wp-block-heading\">Produ\u00e7\u00e3o e Identidade Visual Renovada<\/h4>\n\n\n\n<p>Com produ\u00e7\u00e3o musical assinada por Rael e Nave, \u201cNa Pista Sem Lei\u201d \u00e9 uma faixa envolvente e festiva, que mescla questionamentos sutis com uma energia contagiante. A nova fase tamb\u00e9m marca uma mudan\u00e7a na identidade visual do artista, desenvolvida em parceria com a ag\u00eancia GUT Design. \u201cQuer\u00edamos que o projeto visual transmitisse o prop\u00f3sito de Rael e sua ess\u00eancia musical,\u201d explica Evandro Fi\u00f3ti, CEO da Laborat\u00f3rio Fantasma.<\/p>\n\n\n\n<p>Para Fi\u00f3ti, o single \u00e9 um marco na carreira de Rael e na m\u00fasica negra brasileira: \u201cEstamos empenhados em fazer de \u2018Na Pista Sem Lei\u2019 um ponto de virada, que reafirme o impacto de Rael e sua conex\u00e3o com as ra\u00edzes da nossa cultura.\u201d<\/p>\n\n\n\n<h4 class=\"wp-block-heading\">\u201cNa Pista Sem Lei\u201d: O Inicio de Uma Nova Jornada Musical<\/h4>\n\n\n\n<p>Ao trazer temas de alegria, liberdade e resist\u00eancia, Rael abre os caminhos para seu pr\u00f3ximo \u00e1lbum com uma faixa que simboliza a celebra\u00e7\u00e3o e a uni\u00e3o. O artista paulistano mostra, mais uma vez, sua habilidade de transformar experi\u00eancias em m\u00fasica, oferecendo uma mensagem poderosa para o p\u00fablico. \u201cNa Pista Sem Lei\u201d \u00e9 apenas o in\u00edcio de uma jornada que promete trazer ainda mais surpresas e colabora\u00e7\u00f5es de peso, destacando Rael como uma das vozes mais aut\u00eanticas e vers\u00e1teis da cena hip-hop nacional.<\/p>\n\n\n\n<iframe width=\"800\" height=\"405\" src=\"https:\/\/www.youtube.com\/embed\/AKrVegCW_6c?si=JljNXNlnGkZ6bxfT\" title=\"YouTube video player\" frameborder=\"0\" allow=\"accelerometer; autoplay; clipboard-write; encrypted-media; gyroscope; picture-in-picture; web-share\" referrerpolicy=\"strict-origin-when-cross-origin\" allowfullscreen><\/iframe>\n","protected":false},"excerpt":{"rendered":"<p>Em homenagem ao Dia da Consci\u00eancia Negra, o rapper e compositor paulistano Rael lan\u00e7a o single &#8220;Na Pista Sem Lei&#8221;, o primeiro de seu novo \u00e1lbum, previsto para o in\u00edcio de 2025.<\/p>\n","protected":false},"author":1,"featured_media":902,"comment_status":"closed","ping_status":"closed","sticky":false,"template":"","format":"standard","meta":{"footnotes":""},"categories":[3],"tags":[60,499,500],"class_list":["post-901","post","type-post","status-publish","format-standard","has-post-thumbnail","hentry","category-musica","tag-featured","tag-rael","tag-rincon-sapiencia"],"_links":{"self":[{"href":"https:\/\/consultmarketingdigital.dev.br\/mundodarua\/wp-json\/wp\/v2\/posts\/901","targetHints":{"allow":["GET"]}}],"collection":[{"href":"https:\/\/consultmarketingdigital.dev.br\/mundodarua\/wp-json\/wp\/v2\/posts"}],"about":[{"href":"https:\/\/consultmarketingdigital.dev.br\/mundodarua\/wp-json\/wp\/v2\/types\/post"}],"author":[{"embeddable":true,"href":"https:\/\/consultmarketingdigital.dev.br\/mundodarua\/wp-json\/wp\/v2\/users\/1"}],"replies":[{"embeddable":true,"href":"https:\/\/consultmarketingdigital.dev.br\/mundodarua\/wp-json\/wp\/v2\/comments?post=901"}],"version-history":[{"count":2,"href":"https:\/\/consultmarketingdigital.dev.br\/mundodarua\/wp-json\/wp\/v2\/posts\/901\/revisions"}],"predecessor-version":[{"id":904,"href":"https:\/\/consultmarketingdigital.dev.br\/mundodarua\/wp-json\/wp\/v2\/posts\/901\/revisions\/904"}],"wp:featuredmedia":[{"embeddable":true,"href":"https:\/\/consultmarketingdigital.dev.br\/mundodarua\/wp-json\/wp\/v2\/media\/902"}],"wp:attachment":[{"href":"https:\/\/consultmarketingdigital.dev.br\/mundodarua\/wp-json\/wp\/v2\/media?parent=901"}],"wp:term":[{"taxonomy":"category","embeddable":true,"href":"https:\/\/consultmarketingdigital.dev.br\/mundodarua\/wp-json\/wp\/v2\/categories?post=901"},{"taxonomy":"post_tag","embeddable":true,"href":"https:\/\/consultmarketingdigital.dev.br\/mundodarua\/wp-json\/wp\/v2\/tags?post=901"}],"curies":[{"name":"wp","href":"https:\/\/api.w.org\/{rel}","templated":true}]}}