{"id":818,"date":"2024-11-12T07:16:59","date_gmt":"2024-11-12T10:16:59","guid":{"rendered":"http:\/\/developer.mundodarua.com.br\/?p=818"},"modified":"2024-12-09T14:52:00","modified_gmt":"2024-12-09T17:52:00","slug":"filipe-ret-apresenta-nume-em-pre-lancamento","status":"publish","type":"post","link":"https:\/\/consultmarketingdigital.dev.br\/mundodarua\/2024\/11\/12\/filipe-ret-apresenta-nume-em-pre-lancamento\/","title":{"rendered":"Filipe Ret Apresenta &#8220;NUME&#8221; em Pr\u00e9-Lan\u00e7amento"},"content":{"rendered":"\n<p><\/p>\n\n\n\n<p>Filipe Ret apresentou uma pr\u00e9via exclusiva de seu novo \u00e1lbum, *NUME*, em um evento especial que reuniu mais de 9 mil f\u00e3s no Espa\u00e7o Hall, no Rio de Janeiro. Parte da turn\u00ea *FRXV*, que celebra seus 15 anos de carreira, a apresenta\u00e7\u00e3o combinou sucessos antigos e faixas in\u00e9ditas, dando aos f\u00e3s uma oportunidade \u00fanica de ouvir as m\u00fasicas do aguardado \u00e1lbum antes de seu lan\u00e7amento oficial.<\/p>\n\n\n\n<p><strong>Evento e Experi\u00eancia Exclusiva para os F\u00e3s<\/strong><\/p>\n\n\n\n<p>A turn\u00ea *FRXV* \u00e9 um marco na trajet\u00f3ria de Ret, unindo sua hist\u00f3ria no rap nacional e novas propostas musicais. No evento, o rapper subiu ao palco acompanhado de M\u00e3olee, Anezzi e Caio Luccas, e apresentou as faixas de *NUME* pela primeira vez ao vivo, criando uma conex\u00e3o \u00edntima com a plateia. Esse show exclusivo antecipou o lan\u00e7amento oficial do \u00e1lbum, previsto para o dia 14 de novembro, e ofereceu uma experi\u00eancia sensorial para os f\u00e3s.<\/p>\n\n\n\n<p><strong>Autenticidade e Maturidade Musical<\/strong><\/p>\n\n\n\n<p>NUME representa uma nova fase na carreira de Filipe Ret, com 15 faixas in\u00e9ditas que refletem sua vis\u00e3o art\u00edstica. Ao optar por n\u00e3o incluir colabora\u00e7\u00f5es, o rapper entregou uma obra totalmente pessoal, refor\u00e7ando a autenticidade que sempre caracterizou sua trajet\u00f3ria. O \u00e1lbum explora temas de autoconhecimento, supera\u00e7\u00e3o e cotidiano urbano, e \u00e9 uma forma de solidificar sua marca no rap nacional.<\/p>\n\n\n\n<p><strong>Explorando Novas Sonoridades<\/strong><\/p>\n\n\n\n<p>Al\u00e9m das mensagens introspectivas, NUME tamb\u00e9m representa uma busca por novas sonoridades, mesclando suas ra\u00edzes com o momento atual do artista. Filipe Ret se prop\u00f4s a levar seu repert\u00f3rio a novos patamares, inovando enquanto mant\u00e9m sua ess\u00eancia intacta.<\/p>\n\n\n\n<p><strong>Vis\u00e3o e Prop\u00f3sito&nbsp;<\/strong><\/p>\n\n\n\n<p>Ap\u00f3s o show, Filipe Ret compartilhou com jornalistas e f\u00e3s o prop\u00f3sito por tr\u00e1s do \u00e1lbum. NUME \u00e9 uma imers\u00e3o nas suas reflex\u00f5es pessoais, com uma abordagem po\u00e9tica e urbana. O projeto encerra a trilogia iniciada com IMATERIAL e tem o objetivo de expandir ainda mais sua conex\u00e3o com o p\u00fablico, oferecendo um trabalho genu\u00edno que reflete suas viv\u00eancias e autenticidade.<\/p>\n\n\n\n<p>O lan\u00e7amento de NUME n\u00e3o \u00e9 apenas uma nova fase musical para Filipe Ret, mas tamb\u00e9m uma reafirma\u00e7\u00e3o de sua habilidade em criar experi\u00eancias significativas para seus f\u00e3s. Com esse \u00e1lbum, ele demonstra sua determina\u00e7\u00e3o em continuar explorando novas facetas musicais, mantendo-se fiel \u00e0 sua mensagem e ao seu compromisso com a arte.<\/p>\n\n\n\n<p><strong>NUME: Um Conceito Elevado<\/strong><\/p>\n\n\n\n<p>O t\u00edtulo <em>NUME<\/em> carrega consigo uma carga simb\u00f3lica profunda, refletindo o prop\u00f3sito de Filipe Ret de explorar temas que v\u00e3o al\u00e9m da superf\u00edcie. Derivada do latim, a palavra faz refer\u00eancia a uma entidade divina ou esp\u00edrito elevado, conectando o \u00e1lbum a uma ideia de transcend\u00eancia. Ao escolher esse nome, Ret n\u00e3o apenas evoca um conceito de for\u00e7a superior, mas tamb\u00e9m sugere uma jornada musical que busca ultrapassar as barreiras do cotidiano e alcan\u00e7ar dimens\u00f5es mais introspectivas e espirituais.<\/p>\n\n\n\n<h3 class=\"wp-block-heading\"><strong>Capa do \u00c1lbum<\/strong><\/h3>\n\n\n\n<p>Em um momento de autenticidade e conex\u00e3o familiar, Filipe Ret revelou que a capa de seu aguardado \u00e1lbum <em>NUME<\/em> foi registrada pelo pr\u00f3prio filho, Theo. A fotografia que ilustra o trabalho n\u00e3o \u00e9 apenas uma imagem est\u00e1tica, mas uma representa\u00e7\u00e3o de um momento espont\u00e2neo e genu\u00edno entre pai e filho.<\/p>\n\n\n\n<p>Em seu Vlog, Filipe compartilhou como a foto foi tirada durante a filmagem do visualizer do \u00e1lbum. Theo, de forma descomplicada, apareceu no cen\u00e1rio e capturou a imagem com uma &#8220;rajada&#8221; de fotos, sem nenhuma prepara\u00e7\u00e3o pr\u00e9via.&nbsp;<\/p>\n\n\n\n<p>Filipe, vendo o filho fotografar, decidiu fazer uma pose natural, resultando em uma imagem que carrega um toque de simplicidade e intimidade. Este gesto espont\u00e2neo n\u00e3o s\u00f3 refor\u00e7a a ideia de autenticidade que permeia o \u00e1lbum, mas tamb\u00e9m simboliza uma fase da vida de Ret em que o que \u00e9 genu\u00edno e pessoal se torna o centro da sua arte.<\/p>\n","protected":false},"excerpt":{"rendered":"<p>Filipe Ret apresentou uma pr\u00e9via exclusiva de seu novo \u00e1lbum, *NUME*, em um evento especial que reuniu mais de 9 mil f\u00e3s no Espa\u00e7o Hall, no Rio de Janeiro. Parte da turn\u00ea *FRXV*, que celebra seus 15 anos de carreira, a apresenta\u00e7\u00e3o combinou sucessos antigos e faixas in\u00e9ditas, dando aos f\u00e3s uma oportunidade \u00fanica de [&hellip;]<\/p>\n","protected":false},"author":6,"featured_media":822,"comment_status":"closed","ping_status":"closed","sticky":false,"template":"","format":"standard","meta":{"footnotes":""},"categories":[3],"tags":[15,207,216,60,229,191,202,183,468,180],"class_list":["post-818","post","type-post","status-publish","format-standard","has-post-thumbnail","hentry","category-musica","tag-album","tag-brasil","tag-cultura","tag-featured","tag-filipe-ret","tag-hip-hop","tag-lancamento","tag-musica","tag-nume","tag-rap"],"_links":{"self":[{"href":"https:\/\/consultmarketingdigital.dev.br\/mundodarua\/wp-json\/wp\/v2\/posts\/818","targetHints":{"allow":["GET"]}}],"collection":[{"href":"https:\/\/consultmarketingdigital.dev.br\/mundodarua\/wp-json\/wp\/v2\/posts"}],"about":[{"href":"https:\/\/consultmarketingdigital.dev.br\/mundodarua\/wp-json\/wp\/v2\/types\/post"}],"author":[{"embeddable":true,"href":"https:\/\/consultmarketingdigital.dev.br\/mundodarua\/wp-json\/wp\/v2\/users\/6"}],"replies":[{"embeddable":true,"href":"https:\/\/consultmarketingdigital.dev.br\/mundodarua\/wp-json\/wp\/v2\/comments?post=818"}],"version-history":[{"count":2,"href":"https:\/\/consultmarketingdigital.dev.br\/mundodarua\/wp-json\/wp\/v2\/posts\/818\/revisions"}],"predecessor-version":[{"id":823,"href":"https:\/\/consultmarketingdigital.dev.br\/mundodarua\/wp-json\/wp\/v2\/posts\/818\/revisions\/823"}],"wp:featuredmedia":[{"embeddable":true,"href":"https:\/\/consultmarketingdigital.dev.br\/mundodarua\/wp-json\/wp\/v2\/media\/822"}],"wp:attachment":[{"href":"https:\/\/consultmarketingdigital.dev.br\/mundodarua\/wp-json\/wp\/v2\/media?parent=818"}],"wp:term":[{"taxonomy":"category","embeddable":true,"href":"https:\/\/consultmarketingdigital.dev.br\/mundodarua\/wp-json\/wp\/v2\/categories?post=818"},{"taxonomy":"post_tag","embeddable":true,"href":"https:\/\/consultmarketingdigital.dev.br\/mundodarua\/wp-json\/wp\/v2\/tags?post=818"}],"curies":[{"name":"wp","href":"https:\/\/api.w.org\/{rel}","templated":true}]}}