{"id":686,"date":"2024-11-05T11:42:58","date_gmt":"2024-11-05T14:42:58","guid":{"rendered":"http:\/\/developer.mundodarua.com.br\/?p=686"},"modified":"2024-12-09T15:10:45","modified_gmt":"2024-12-09T18:10:45","slug":"asics-inova-com-tenis-para-pessoas-com-deficiencia","status":"publish","type":"post","link":"https:\/\/consultmarketingdigital.dev.br\/mundodarua\/2024\/11\/05\/asics-inova-com-tenis-para-pessoas-com-deficiencia\/","title":{"rendered":"Asics Inova com T\u00eanis para Pessoas com Defici\u00eancia"},"content":{"rendered":"\n<p class=\"wp-block-paragraph\"><\/p>\n\n\n\n<p class=\"wp-block-paragraph\">A Asics, uma das principais marcas de cal\u00e7ados esportivos do mundo, est\u00e1 na vanguarda de uma importante mudan\u00e7a no mercado brasileiro ao introduzir um programa inovador que permite a compra de um \u00fanico p\u00e9 de t\u00eanis para pessoas com amputa\u00e7\u00f5es ou malforma\u00e7\u00f5es na perna.&nbsp;<\/p>\n\n\n\n<p class=\"wp-block-paragraph\">Esta iniciativa n\u00e3o apenas amplia o acesso aos seus produtos, mas tamb\u00e9m reflete um compromisso com a inclus\u00e3o e a promo\u00e7\u00e3o da sa\u00fade por meio do esporte.<\/p>\n\n\n\n<h3 class=\"wp-block-heading\">Um Olhar Sens\u00edvel para a Inclus\u00e3o<\/h3>\n\n\n\n<p class=\"wp-block-paragraph\">Por muito tempo, indiv\u00edduos com defici\u00eancia enfrentaram um cen\u00e1rio desafiador ao buscar cal\u00e7ados adequados. A necessidade de adquirir pares completos, mesmo quando apenas um lado \u00e9 utilizado, frequentemente resultava em desperd\u00edcio e frustra\u00e7\u00e3o.&nbsp;<\/p>\n\n\n\n<p class=\"wp-block-paragraph\">Com a proposta rec\u00e9m-lan\u00e7ada, a marca transforma essa realidade ao oferecer a possibilidade de comprar apenas o cal\u00e7ado que ser\u00e1 realmente utilizado, com um custo reduzido de 50% sobre o pre\u00e7o normal. Essa mudan\u00e7a \u00e9 mais do que uma simples estrat\u00e9gia comercial; \u00e9 uma demonstra\u00e7\u00e3o clara de empatia e reconhecimento das diversas necessidades dos consumidores.<\/p>\n\n\n\n<p class=\"wp-block-paragraph\">O presidente da Asics Am\u00e9rica Latina, Alexandre Fiorati, destaca que o objetivo da marca vai al\u00e9m de vendas: trata-se de proporcionar uma oportunidade para que mais pessoas se sintam motivadas a se engajar em atividades f\u00edsicas. A ideia de promover uma &#8220;mente s\u00e3 em um corpo s\u00e3o&#8221; ressoa fortemente na filosofia da empresa, que busca atender a um p\u00fablico muitas vezes negligenciado.<\/p>\n\n\n\n<h3 class=\"wp-block-heading\">Compromisso com a Sustentabilidade<\/h3>\n\n\n\n<p class=\"wp-block-paragraph\">Uma das caracter\u00edsticas marcantes dessa nova abordagem \u00e9 a inclus\u00e3o de uma doa\u00e7\u00e3o consciente. Quando o cliente opta por adquirir apenas um lado do t\u00eanis, a marca se compromete a doar os pares restantes para a Associa\u00e7\u00e3o Desportiva para Deficientes (ADD).&nbsp;<\/p>\n\n\n\n<p class=\"wp-block-paragraph\">Essa a\u00e7\u00e3o n\u00e3o apenas reduz o desperd\u00edcio, mas tamb\u00e9m contribui para a forma\u00e7\u00e3o de uma comunidade mais solid\u00e1ria, onde os cal\u00e7ados podem fazer a diferen\u00e7a na vida de quem mais precisa.<\/p>\n\n\n\n<p class=\"wp-block-paragraph\">Ao implementar essa pr\u00e1tica, a Asics se posiciona como um exemplo de como as empresas podem ser proativas em sua responsabilidade social. A conex\u00e3o entre inclus\u00e3o e sustentabilidade se fortalece, mostrando que \u00e9 poss\u00edvel fazer neg\u00f3cios de maneira \u00e9tica e consciente.<\/p>\n\n\n\n<h3 class=\"wp-block-heading\">Inova\u00e7\u00e3o Coletiva<\/h3>\n\n\n\n<p class=\"wp-block-paragraph\">O lan\u00e7amento dessa proposta inovadora \u00e9 um reflexo do trabalho colaborativo dentro da empresa. Surgiu de um programa interno que incentivou os funcion\u00e1rios a sugerirem iniciativas voltadas para a inclus\u00e3o. Essa abordagem participativa permite que as ideias mais relevantes e impactantes venham de todos os n\u00edveis da organiza\u00e7\u00e3o, n\u00e3o apenas de seus l\u00edderes.&nbsp;<\/p>\n\n\n\n<p class=\"wp-block-paragraph\">A capacidade da Asics de ouvir e valorizar as opini\u00f5es de seus colaboradores demonstra um ambiente corporativo saud\u00e1vel e aberto \u00e0 inova\u00e7\u00e3o. Essa pr\u00e1tica, ao mesmo tempo que gera solu\u00e7\u00f5es eficazes, tamb\u00e9m fortalece a cultura organizacional, tornando os funcion\u00e1rios mais engajados e motivados.<\/p>\n\n\n\n<h3 class=\"wp-block-heading\">A Influ\u00eancia de um Movimento Global<\/h3>\n\n\n\n<p class=\"wp-block-paragraph\">Embora o programa esteja sendo implementado no Brasil, iniciativas semelhantes j\u00e1 est\u00e3o presentes em outros pa\u00edses, como o Jap\u00e3o. Essa expans\u00e3o da proposta evidencia a prioridade da marca em atender a um p\u00fablico diversificado, refletindo uma tend\u00eancia crescente na ind\u00fastria do esporte em reconhecer e valorizar a diversidade.<\/p>\n\n\n\n<p class=\"wp-block-paragraph\">A possibilidade de replicar a\u00e7\u00f5es de inclus\u00e3o e acessibilidade em diferentes mercados pode ter um impacto significativo n\u00e3o s\u00f3 na imagem da marca, mas tamb\u00e9m na motiva\u00e7\u00e3o de outras empresas a adotarem pr\u00e1ticas semelhantes. A mensagem \u00e9 clara: o esporte \u00e9 para todos, e as marcas devem se adaptar para atender a essa realidade.<\/p>\n\n\n\n<h3 class=\"wp-block-heading\">Oportunidades para Todos<\/h3>\n\n\n\n<p class=\"wp-block-paragraph\">A proposta da Asics vai al\u00e9m de um simples produto; representa uma oportunidade transformadora. Ao facilitar o acesso a cal\u00e7ados esportivos, a empresa n\u00e3o apenas promove a sa\u00fade f\u00edsica, mas tamb\u00e9m incentiva uma mentalidade positiva e a socializa\u00e7\u00e3o.&nbsp;<\/p>\n\n\n\n<p class=\"wp-block-paragraph\">O esporte \u00e9 uma ferramenta poderosa para unir pessoas e construir comunidades, e quando todos t\u00eam a chance de participar, a sociedade se torna mais forte e coesa.<\/p>\n\n\n\n<p class=\"wp-block-paragraph\">Al\u00e9m disso, o fato de que as pessoas com defici\u00eancia possam encontrar cal\u00e7ados que atendam suas necessidades espec\u00edficas encoraja uma maior participa\u00e7\u00e3o em atividades f\u00edsicas. Isso \u00e9 crucial, pois o envolvimento em esportes n\u00e3o s\u00f3 melhora a sa\u00fade, mas tamb\u00e9m promove autoestima e bem-estar emocional.<\/p>\n","protected":false},"excerpt":{"rendered":"<p>A Asics, uma das principais marcas de cal\u00e7ados esportivos do mundo, est\u00e1 na vanguarda de uma importante mudan\u00e7a no mercado brasileiro ao introduzir um programa inovador que permite a compra de um \u00fanico p\u00e9 de t\u00eanis para pessoas com amputa\u00e7\u00f5es ou malforma\u00e7\u00f5es na perna.&nbsp; Esta iniciativa n\u00e3o apenas amplia o acesso aos seus produtos, mas [&hellip;]<\/p>\n","protected":false},"author":6,"featured_media":687,"comment_status":"closed","ping_status":"closed","sticky":false,"template":"","format":"standard","meta":{"footnotes":""},"categories":[6],"tags":[301,300,202,201,200],"class_list":["post-686","post","type-post","status-publish","format-standard","has-post-thumbnail","hentry","category-sneakers","tag-asics","tag-esporte","tag-lancamento","tag-moda","tag-sneakers"],"_links":{"self":[{"href":"https:\/\/consultmarketingdigital.dev.br\/mundodarua\/wp-json\/wp\/v2\/posts\/686","targetHints":{"allow":["GET"]}}],"collection":[{"href":"https:\/\/consultmarketingdigital.dev.br\/mundodarua\/wp-json\/wp\/v2\/posts"}],"about":[{"href":"https:\/\/consultmarketingdigital.dev.br\/mundodarua\/wp-json\/wp\/v2\/types\/post"}],"author":[{"embeddable":true,"href":"https:\/\/consultmarketingdigital.dev.br\/mundodarua\/wp-json\/wp\/v2\/users\/6"}],"replies":[{"embeddable":true,"href":"https:\/\/consultmarketingdigital.dev.br\/mundodarua\/wp-json\/wp\/v2\/comments?post=686"}],"version-history":[{"count":1,"href":"https:\/\/consultmarketingdigital.dev.br\/mundodarua\/wp-json\/wp\/v2\/posts\/686\/revisions"}],"predecessor-version":[{"id":688,"href":"https:\/\/consultmarketingdigital.dev.br\/mundodarua\/wp-json\/wp\/v2\/posts\/686\/revisions\/688"}],"wp:featuredmedia":[{"embeddable":true,"href":"https:\/\/consultmarketingdigital.dev.br\/mundodarua\/wp-json\/wp\/v2\/media\/687"}],"wp:attachment":[{"href":"https:\/\/consultmarketingdigital.dev.br\/mundodarua\/wp-json\/wp\/v2\/media?parent=686"}],"wp:term":[{"taxonomy":"category","embeddable":true,"href":"https:\/\/consultmarketingdigital.dev.br\/mundodarua\/wp-json\/wp\/v2\/categories?post=686"},{"taxonomy":"post_tag","embeddable":true,"href":"https:\/\/consultmarketingdigital.dev.br\/mundodarua\/wp-json\/wp\/v2\/tags?post=686"}],"curies":[{"name":"wp","href":"https:\/\/api.w.org\/{rel}","templated":true}]}}