{"id":572,"date":"2024-11-01T23:28:03","date_gmt":"2024-11-01T23:28:03","guid":{"rendered":"http:\/\/developer.mundodarua.com.br\/?p=572"},"modified":"2024-12-09T17:13:31","modified_gmt":"2024-12-09T20:13:31","slug":"matue-e-o-sucesso-de-333-rapper-concorre-a-premio-pela-2a-vez","status":"publish","type":"post","link":"https:\/\/consultmarketingdigital.dev.br\/mundodarua\/2024\/11\/01\/matue-e-o-sucesso-de-333-rapper-concorre-a-premio-pela-2a-vez\/","title":{"rendered":"Matu\u00ea e o sucesso de 333: rapper concorre a pr\u00eamio pela 2\u00aa vez"},"content":{"rendered":"\n<p><\/p>\n\n\n\n<p>Sem d\u00favida, <strong>Matu\u00ea <\/strong>\u00e9 um dos maiores \u2500 para n\u00e3o dizer o maior \u2500 nome do trap brasileiro.<\/p>\n\n\n\n<p>No dia 09 de setembro, ele quebrou o hiato de quatro anos e lan\u00e7ou o seu<strong> segundo \u00e1lbum de est\u00fadio: &#8220;333&#8221;<\/strong>.<\/p>\n\n\n\n<p>E os quatro anos de espera n\u00e3o foram em v\u00e3o e os f\u00e3s corresponderam \u00e0 obra que Matu\u00ea trouxe. <\/p>\n\n\n\n<figure class=\"wp-block-image size-large\"><img fetchpriority=\"high\" decoding=\"async\" width=\"1024\" height=\"683\" src=\"https:\/\/developer.mundodarua.com.br\/wp-content\/uploads\/2024\/11\/Matue-e-o-sucesso-de-333-2-1024x683.jpg\" alt=\"Imagem de capa do \u00e1lbum 333\" class=\"wp-image-574\" srcset=\"https:\/\/consultmarketingdigital.dev.br\/mundodarua\/wp-content\/uploads\/2024\/11\/Matue-e-o-sucesso-de-333-2-1024x683.jpg 1024w, https:\/\/consultmarketingdigital.dev.br\/mundodarua\/wp-content\/uploads\/2024\/11\/Matue-e-o-sucesso-de-333-2-300x200.jpg 300w, https:\/\/consultmarketingdigital.dev.br\/mundodarua\/wp-content\/uploads\/2024\/11\/Matue-e-o-sucesso-de-333-2-768x512.jpg 768w, https:\/\/consultmarketingdigital.dev.br\/mundodarua\/wp-content\/uploads\/2024\/11\/Matue-e-o-sucesso-de-333-2.jpg 1200w\" sizes=\"(max-width: 1024px) 100vw, 1024px\" \/><figcaption class=\"wp-element-caption\">Imagem: Reprodu\u00e7\u00e3o\/Instagram<\/figcaption><\/figure>\n\n\n\n<hr class=\"wp-block-separator has-alpha-channel-opacity\" \/>\n\n\n\n<h2 class=\"wp-block-heading\">O incr\u00edvel lan\u00e7amento de &#8220;333&#8221; <\/h2>\n\n\n\n<p><\/p>\n\n\n\n<p>O evento de lan\u00e7amento do &#8220;333&#8221; come\u00e7ou com uma transmiss\u00e3o ao vivo no YouTube, que durou quase 3 horas e 30 minutos:<\/p>\n\n\n\n<figure class=\"wp-block-embed is-type-video is-provider-youtube wp-block-embed-youtube wp-embed-aspect-16-9 wp-has-aspect-ratio\"><div class=\"wp-block-embed__wrapper\">\n<iframe title=\"SALVE TODOS (LIVE)\" width=\"800\" height=\"450\" src=\"https:\/\/www.youtube.com\/embed\/bee1ECgIpt4?feature=oembed\" frameborder=\"0\" allow=\"accelerometer; autoplay; clipboard-write; encrypted-media; gyroscope; picture-in-picture; web-share\" referrerpolicy=\"strict-origin-when-cross-origin\" allowfullscreen><\/iframe>\n<\/div><\/figure>\n\n\n\n<p><\/p>\n\n\n\n<p>Ap\u00f3s sua estreia, o disco liderou o chart mundial do Spotify na categoria de melhores estreias de disco: <em>Top Albums Debut Global<\/em>.<\/p>\n\n\n\n<p>Estourando a bolha nacional, nos primeiros dias de lan\u00e7amento, o \u00e1lbum de Matu\u00ea ficou entre os 50 mais escutados, conforme o <em>Top \u00c1lbuns Global no Spotify Charts<\/em>.<\/p>\n\n\n\n<p>Dentro de casa, o rapper logo assumiu a primeira posi\u00e7\u00e3o no <em>Top \u00c1lbuns Brasil<\/em>. <\/p>\n\n\n\n<h3 class=\"wp-block-heading\">Quantas m\u00fasicas tem no \u00e1lbum 333 Matu\u00ea?<\/h3>\n\n\n\n<p><\/p>\n\n\n\n<p><strong>S\u00e3o 12 faixas<\/strong>. De modo que s\u00e3o:<\/p>\n\n\n\n<ol class=\"wp-block-list\">\n<li>Crack com Mussilon<\/li>\n\n\n\n<li>Imagina esse Cen\u00e1rio (Ft. Veigh)<\/li>\n\n\n\n<li>Isso \u00e9 S\u00e9rio (Ft. Brand\u00e3o85)<\/li>\n\n\n\n<li>1993<\/li>\n\n\n\n<li>4Tal (Ft. Teto)<\/li>\n\n\n\n<li>O Som<\/li>\n\n\n\n<li>04AM<\/li>\n\n\n\n<li>Castlevania<\/li>\n\n\n\n<li>V de Vil\u00e3o<\/li>\n\n\n\n<li>Maria<\/li>\n\n\n\n<li>333<\/li>\n\n\n\n<li>Like This!<\/li>\n<\/ol>\n\n\n\n<p><\/p>\n\n\n\n<p>Matu\u00ea traz um trabalho que mostra outra faceta da sua produ\u00e7\u00e3o art\u00edstica. Mostrando, basicamente, <em>menos trap<\/em> do que &#8220;M\u00e1quina do Tempo&#8221;.<\/p>\n\n\n\n<p>Contudo, <a href=\"https:\/\/developer.mundodarua.com.br\/2024\/11\/02\/quem-e-brandao085-dos-problemas-com-a-hash-a-ceo-conheca-esse-genio\/\"><strong>ao lado de Brand\u00e3o085<\/strong><\/a> e Samuel Batista, Matu\u00ea explorou o que havia de mais fino em sua musicalidade.<\/p>\n\n\n\n<p>Com uma narrativa que perpassa por diferentes ritmos, melodias e experimenta\u00e7\u00f5es, &#8220;333&#8221; \u00e9 uma viagem s\u00fatil e agrad\u00e1vel.<\/p>\n\n\n\n<p>O artista, parece bem menos focado em ganhar um p\u00fablico do trap, mostrando que est\u00e1 atr\u00e1s de muito mais, um espa\u00e7o entre os maiores artistas do Brasil. <\/p>\n\n\n\n<hr class=\"wp-block-separator has-alpha-channel-opacity\" \/>\n\n\n\n<h2 class=\"wp-block-heading\">2\u00aa ano consecutivo concorrendo como \u201cMelhor Artista Brasileiro\u201d<\/h2>\n\n\n\n<figure class=\"wp-block-image size-large\"><img decoding=\"async\" width=\"1024\" height=\"683\" src=\"https:\/\/developer.mundodarua.com.br\/wp-content\/uploads\/2024\/11\/Matue-e-o-sucesso-de-333-1024x683.jpg\" alt=\"Foto de Matu\u00ea e o sucesso de 333\" class=\"wp-image-575\" srcset=\"https:\/\/consultmarketingdigital.dev.br\/mundodarua\/wp-content\/uploads\/2024\/11\/Matue-e-o-sucesso-de-333-1024x683.jpg 1024w, https:\/\/consultmarketingdigital.dev.br\/mundodarua\/wp-content\/uploads\/2024\/11\/Matue-e-o-sucesso-de-333-300x200.jpg 300w, https:\/\/consultmarketingdigital.dev.br\/mundodarua\/wp-content\/uploads\/2024\/11\/Matue-e-o-sucesso-de-333-768x512.jpg 768w, https:\/\/consultmarketingdigital.dev.br\/mundodarua\/wp-content\/uploads\/2024\/11\/Matue-e-o-sucesso-de-333.jpg 1200w\" sizes=\"(max-width: 1024px) 100vw, 1024px\" \/><figcaption class=\"wp-element-caption\">Imagem: Reprodu\u00e7\u00e3o\/Instagram<\/figcaption><\/figure>\n\n\n\n<p>Com o lan\u00e7amento de &#8220;333&#8221;, Matu\u00ea, que vem de uma ascens\u00e3o astron\u00f4mica, ficou em ainda mais evid\u00eancia.<\/p>\n\n\n\n<p>Assim, em 2024, o rapper recebeu a indica\u00e7\u00e3o ao <strong>MTV Europe Music Awards (EMA) 2024<\/strong>&nbsp;na categoria Melhor Artista Brasileiro.<\/p>\n\n\n\n<p>Vale destacar que em 2023, Matu\u00ea venceu nesta mesma categoria. Nesse ano, nomes como <strong>Lu\u00edsa Sonza<\/strong>,&nbsp;<strong>Pabllo Vittar<\/strong>&nbsp;e&nbsp;<strong>J\u00e3o<\/strong>, tamb\u00e9m concorrem ao pr\u00eamio.<\/p>\n\n\n\n<p>Al\u00e9m de &#8220;Artista do ano&#8221;, &#8220;333&#8221; est\u00e1 concorrendo na categoria &#8220;\u00c1lbum do Ano&#8221; pela MTV.<\/p>\n\n\n\n<p>O resultado, portanto, fica dispon\u00edvel a partir do dia <strong>03 de dezembro<\/strong>.<\/p>\n\n\n\n<hr class=\"wp-block-separator has-alpha-channel-opacity\" \/>\n\n\n\n<h2 class=\"wp-block-heading\">&#8220;Vetin do 085&#8221;: o an\u00fancio do ano durante o Rock in Rio 2024<\/h2>\n\n\n\n<p><\/p>\n\n\n\n<p>N\u00e3o d\u00e1 para negar que &#8220;<strong>Isso \u00e9 s\u00e9rio<\/strong>&#8220;, faixa do \u00e1lbum com participa\u00e7\u00e3o de <strong>Brand\u00e3o085<\/strong>, foi um verdadeiro destaque \u2500 em todos os sentidos. <\/p>\n\n\n\n<p>O artista que j\u00e1 integrou a Hash Produ\u00e7\u00f5es, era um nome que muitos f\u00e3s estavam cogitando se entraria ou n\u00e3o na 30Praum \u2500 produtora de Matu\u00ea. <\/p>\n\n\n\n<p>E para a alegria de muitos que estavam com essa pulga atr\u00e1s da orelha, no show do Rock in Rio, em uma sexta-feira 13, o rapper anunciou o <strong>novo integrante da 30Praum<\/strong>.<\/p>\n\n\n\n<p>Dessa forma, o mist\u00e9rio em torno de rumores acabou e o que muitos esperavam se confirmou. <\/p>\n\n\n\n<p>Ali\u00e1s, Matu\u00ea revelou que Brand\u00e3o085 teve uma grande participa\u00e7\u00e3o e influ\u00eancia na produ\u00e7\u00e3o de &#8220;333&#8221;.<\/p>\n\n\n\n<p>E o menino chegou na casa, mas j\u00e1 colocou trabalho na pista, lan\u00e7ando no dia <strong>23 de outubro <\/strong>seu primeiro \u00e1lbum solo pela 30Praum, &#8220;CEO&#8221;. <\/p>\n\n\n\n<p>E se voc\u00ea gosta de ficar por dentro das principais not\u00edcias em torno do rap, o <a href=\"https:\/\/developer.mundodarua.com.br\/\"><strong>Mundo da Rua<\/strong><\/a> tem as atualiza\u00e7\u00f5es que voc\u00ea n\u00e3o pode perder!<\/p>\n\n\n\n<p><\/p>\n\n\n<\/p>","protected":false},"excerpt":{"rendered":"<p>Sem d\u00favida, Matu\u00ea \u00e9 um dos maiores \u2500 para n\u00e3o dizer o maior \u2500 nome do trap brasileiro. No dia 09 de setembro, ele quebrou o hiato de quatro anos e lan\u00e7ou o seu segundo \u00e1lbum de est\u00fadio: &#8220;333&#8221;. E os quatro anos de espera n\u00e3o foram em v\u00e3o e os f\u00e3s corresponderam \u00e0 obra [&hellip;]<\/p>\n","protected":false},"author":5,"featured_media":575,"comment_status":"closed","ping_status":"closed","sticky":false,"template":"","format":"standard","meta":{"footnotes":""},"categories":[3],"tags":[250,15,252,257,202,208,253,234],"class_list":["post-572","post","type-post","status-publish","format-standard","has-post-thumbnail","hentry","category-musica","tag-250","tag-album","tag-brandao085","tag-destaque","tag-lancamento","tag-matue","tag-mtv","tag-trap"],"_links":{"self":[{"href":"https:\/\/consultmarketingdigital.dev.br\/mundodarua\/wp-json\/wp\/v2\/posts\/572","targetHints":{"allow":["GET"]}}],"collection":[{"href":"https:\/\/consultmarketingdigital.dev.br\/mundodarua\/wp-json\/wp\/v2\/posts"}],"about":[{"href":"https:\/\/consultmarketingdigital.dev.br\/mundodarua\/wp-json\/wp\/v2\/types\/post"}],"author":[{"embeddable":true,"href":"https:\/\/consultmarketingdigital.dev.br\/mundodarua\/wp-json\/wp\/v2\/users\/5"}],"replies":[{"embeddable":true,"href":"https:\/\/consultmarketingdigital.dev.br\/mundodarua\/wp-json\/wp\/v2\/comments?post=572"}],"version-history":[{"count":7,"href":"https:\/\/consultmarketingdigital.dev.br\/mundodarua\/wp-json\/wp\/v2\/posts\/572\/revisions"}],"predecessor-version":[{"id":620,"href":"https:\/\/consultmarketingdigital.dev.br\/mundodarua\/wp-json\/wp\/v2\/posts\/572\/revisions\/620"}],"wp:featuredmedia":[{"embeddable":true,"href":"https:\/\/consultmarketingdigital.dev.br\/mundodarua\/wp-json\/wp\/v2\/media\/575"}],"wp:attachment":[{"href":"https:\/\/consultmarketingdigital.dev.br\/mundodarua\/wp-json\/wp\/v2\/media?parent=572"}],"wp:term":[{"taxonomy":"category","embeddable":true,"href":"https:\/\/consultmarketingdigital.dev.br\/mundodarua\/wp-json\/wp\/v2\/categories?post=572"},{"taxonomy":"post_tag","embeddable":true,"href":"https:\/\/consultmarketingdigital.dev.br\/mundodarua\/wp-json\/wp\/v2\/tags?post=572"}],"curies":[{"name":"wp","href":"https:\/\/api.w.org\/{rel}","templated":true}]}}