{"id":1220,"date":"2024-11-29T09:40:31","date_gmt":"2024-11-29T12:40:31","guid":{"rendered":"https:\/\/developer.mundodarua.com.br\/?p=1220"},"modified":"2024-12-11T11:16:34","modified_gmt":"2024-12-11T14:16:34","slug":"ajuliacosta-uma-voz-potente-do-hip-hop-brasileiro","status":"publish","type":"post","link":"https:\/\/consultmarketingdigital.dev.br\/mundodarua\/2024\/11\/29\/ajuliacosta-uma-voz-potente-do-hip-hop-brasileiro\/","title":{"rendered":"Ajuliacosta: Uma Voz Potente do Hip Hop Brasileiro"},"content":{"rendered":"\n<p class=\"wp-block-paragraph\"><\/p>\n\n\n\n<p class=\"wp-block-paragraph\">Ajuliacosta, ou simplesmente AJC, \u00e9 um dos nomes mais promissores da nova gera\u00e7\u00e3o do hip hop brasileiro. Com 26 anos, a jovem de Mogi das Cruzes equilibra com maestria duas paix\u00f5es que definem sua trajet\u00f3ria: a m\u00fasica e a moda.&nbsp;<\/p>\n\n\n\n<p class=\"wp-block-paragraph\">Mais do que talentos distintos, essas \u00e1reas se unem para promover um objetivo claro: valorizar a cultura perif\u00e9rica e expandir os horizontes da representatividade negra em espa\u00e7os historicamente elitizados.<\/p>\n\n\n\n<p class=\"wp-block-paragraph\"><strong>In\u00edcio de Uma Trajet\u00f3ria Singular<\/strong><\/p>\n\n\n\n<p class=\"wp-block-paragraph\">A jornada de Ajuliacosta come\u00e7ou ainda na adolesc\u00eancia, quando transformou seu interesse por costura em uma fonte de renda. Aos 14 anos, ela j\u00e1 customizava roupas para vender entre colegas na escola. O que come\u00e7ou como um hobby cresceu, e aos 17, com os R$ 700 de seu FGTS, fundou a Ajuliacosta Shop, sua pr\u00f3pria marca de roupas.&nbsp;<\/p>\n\n\n\n<p class=\"wp-block-paragraph\">Operando inicialmente de sua casa, no condom\u00ednio da CDHU, a jovem realizava todo o processo de produ\u00e7\u00e3o: da escolha dos tecidos \u00e0 entrega em esta\u00e7\u00f5es de metr\u00f4.A marca nasceu com o prop\u00f3sito de dialogar com a cultura negra e marginalizada, trazendo a ess\u00eancia das ruas e do hip hop para o design das pe\u00e7as.&nbsp;<\/p>\n\n\n\n<p class=\"wp-block-paragraph\">Hoje, o empreendimento \u00e9 um sucesso consolidado, contando com um time de 78 funcion\u00e1rias e lojas f\u00edsicas em S\u00e3o Paulo e no Rio de Janeiro, al\u00e9m de um e-commerce.<\/p>\n\n\n\n<p class=\"wp-block-paragraph\"><strong>O In\u00edcio da Jornada Musical<\/strong><\/p>\n\n\n\n<p class=\"wp-block-paragraph\">Apesar do amor pela m\u00fasica estar presente desde cedo, foi somente em 2021, durante a pandemia, que Ajuliacosta decidiu transformar esse sonho em realidade.&nbsp;<\/p>\n\n\n\n<p class=\"wp-block-paragraph\">Lan\u00e7ando suas primeiras m\u00fasicas, ela encontrou uma forma \u00fanica de integrar seus dois mundos: os videoclipes tamb\u00e9m promoviam suas cole\u00e7\u00f5es. Essa estrat\u00e9gia criativa uniu sua arte musical \u00e0 moda, refor\u00e7ando a identidade multifacetada da artista.<\/p>\n\n\n\n<p class=\"wp-block-paragraph\">Seu single \u201cO Tipo de Garota\u201d exemplifica bem essa integra\u00e7\u00e3o. No videoclipe, ela aparece vestindo pe\u00e7as da Ajuliacosta Shop, mostrando como a moda n\u00e3o \u00e9 apenas um complemento, mas parte essencial de sua narrativa art\u00edstica. \u201cA moda e a m\u00fasica refletem uma na outra. Meu trabalho em ambos os campos est\u00e1 atrelado \u00e0 hist\u00f3ria de uma mulher negra e perif\u00e9rica\u201d, afirma.<\/p>\n\n\n\n<p class=\"wp-block-paragraph\"><strong>Narrativas Poderosas no Hip Hop<\/strong><\/p>\n\n\n\n<p class=\"wp-block-paragraph\">Ajuliacosta utiliza suas letras para abordar temas como desigualdade, racismo e o dia a dia da quebrada. Em \u201cMina Chavosa\u201d, um de seus maiores sucessos, ela descreve os desafios enfrentados por jovens negras nos centros urbanos: \u201cSe eu ficar de favela os pol\u00edcia joga pimenta, e se eu for pro centro eles v\u00e3o dar enquadro\u201d.<\/p>\n\n\n\n<p class=\"wp-block-paragraph\">&nbsp;Sua capacidade de transformar experi\u00eancias pessoais em narrativas universais faz com que sua m\u00fasica ressoe n\u00e3o apenas no Brasil, mas tamb\u00e9m em palcos internacionais.O \u00e1lbum <em>Brutas Amam, Choram e Sentem Raiva<\/em> \u00e9 um exemplo claro de como Ajuliacosta desafia as conven\u00e7\u00f5es do rap brasileiro.&nbsp;<\/p>\n\n\n\n<p class=\"wp-block-paragraph\">Em um cen\u00e1rio muitas vezes dominado por rimas aceleradas e f\u00f3rmulas previs\u00edveis, ela aposta em uma pros\u00f3dia mais relaxada, com faixas que exploram emo\u00e7\u00f5es complexas e apresentam um olhar mais intimista sobre a vida nas periferias.<\/p>\n\n\n\n<p class=\"wp-block-paragraph\"><strong>Uma Rapper com Impacto Internacional<\/strong><\/p>\n\n\n\n<p class=\"wp-block-paragraph\"><strong>A<\/strong>l\u00e9m de conquistar o p\u00fablico brasileiro, Ajuliacosta tem expandido sua influ\u00eancia para fora do pa\u00eds. Em 2024, ela participou do festival Karnaval With Love, em Paris, onde apresentou um pocket show no renomado Cit\u00e9 de la Mode.&nbsp;<\/p>\n\n\n\n<p class=\"wp-block-paragraph\">Durante a performance, a artista misturou o rap com bases de dembow, um g\u00eanero musical dominicano pr\u00f3ximo ao funk, mostrando sua versatilidade e habilidade de se conectar com diferentes culturas.<\/p>\n\n\n\n<p class=\"wp-block-paragraph\">Sua apresenta\u00e7\u00e3o, marcada por energia e autenticidade, atraiu tanto f\u00e3s brasileiros quanto um p\u00fablico estrangeiro que aplaudiu sua entrega no palco. Ao se apresentar como &#8220;uma rapper da Am\u00e9rica Latina&#8221;, Ajuliacosta refor\u00e7ou a import\u00e2ncia de ocupar espa\u00e7os internacionais, levando consigo as hist\u00f3rias e a cultura das periferias brasileiras.<\/p>\n\n\n\n<p class=\"wp-block-paragraph\"><strong>O Lugar das Mulheres no Rap<\/strong><\/p>\n\n\n\n<p class=\"wp-block-paragraph\">Ajuliacosta faz parte de uma nova onda de rappers mulheres que t\u00eam transformado a cena do hip hop no Brasil. Junto a nomes como Tasha e Tracie, MC Luanna e Duquesa, ela desafia os estere\u00f3tipos de um g\u00eanero historicamente dominado por homens. Para ela, a presen\u00e7a feminina no rap n\u00e3o \u00e9 apenas uma conquista pessoal, mas um movimento coletivo que busca expandir os limites do que \u00e9 poss\u00edvel dentro do estilo.<\/p>\n\n\n\n<p class=\"wp-block-paragraph\">\u201cEstamos aqui para mostrar que mulheres tamb\u00e9m podem liderar o rap, contar hist\u00f3rias e cativar diferentes p\u00fablicos\u201d, afirma a artista. Apesar das barreiras, ela reconhece que a cena est\u00e1 em transforma\u00e7\u00e3o, com rappers mulheres ganhando cada vez mais espa\u00e7o tanto no Brasil quanto em mercados internacionais, como Estados Unidos e Fran\u00e7a.<\/p>\n\n\n\n<p class=\"wp-block-paragraph\"><strong>Transformando Realidades<\/strong><\/p>\n\n\n\n<p class=\"wp-block-paragraph\">Mais do que uma rapper, Ajuliacosta \u00e9 uma voz para a periferia. Suas letras s\u00e3o carregadas de refer\u00eancias \u00e0 cultura negra e \u00e0s viv\u00eancias de mulheres como ela, que enfrentam desafios di\u00e1rios para serem vistas e respeitadas. Ao mesmo tempo, sua presen\u00e7a em festivais e eventos internacionais demonstra o potencial do hip hop brasileiro de romper fronteiras e dialogar com outras culturas.<\/p>\n\n\n\n<p class=\"wp-block-paragraph\">Seja rimando sobre as dificuldades de crescer na periferia ou celebrando a for\u00e7a das mulheres negras, Ajuliacosta n\u00e3o deixa d\u00favidas de que sua arte \u00e9 uma ferramenta de resist\u00eancia e transforma\u00e7\u00e3o.&nbsp;<\/p>\n\n\n\n<p class=\"wp-block-paragraph\">Como ela mesma diz, sua miss\u00e3o vai al\u00e9m da m\u00fasica: \u00e9 sobre criar espa\u00e7os e abrir caminhos para que outras mulheres possam ocupar lugares de destaque, tanto na arte quanto na vida.<\/p>\n","protected":false},"excerpt":{"rendered":"<p>Ajuliacosta, ou simplesmente AJC, \u00e9 um dos nomes mais promissores da nova gera\u00e7\u00e3o do hip hop brasileiro. Com 26 anos, a jovem de Mogi das Cruzes equilibra com maestria duas paix\u00f5es que definem sua trajet\u00f3ria: a m\u00fasica e a moda.&nbsp; Mais do que talentos distintos, essas \u00e1reas se unem para promover um objetivo claro: valorizar [&hellip;]<\/p>\n","protected":false},"author":6,"featured_media":1221,"comment_status":"closed","ping_status":"closed","sticky":false,"template":"","format":"standard","meta":{"footnotes":""},"categories":[5,3],"tags":[679,207,216,658,191,201,183,180,672],"class_list":["post-1220","post","type-post","status-publish","format-standard","has-post-thumbnail","hentry","category-moda","category-musica","tag-ajuliacosta","tag-brasil","tag-cultura","tag-genero","tag-hip-hop","tag-moda","tag-musica","tag-rap","tag-rap-feminino"],"_links":{"self":[{"href":"https:\/\/consultmarketingdigital.dev.br\/mundodarua\/wp-json\/wp\/v2\/posts\/1220","targetHints":{"allow":["GET"]}}],"collection":[{"href":"https:\/\/consultmarketingdigital.dev.br\/mundodarua\/wp-json\/wp\/v2\/posts"}],"about":[{"href":"https:\/\/consultmarketingdigital.dev.br\/mundodarua\/wp-json\/wp\/v2\/types\/post"}],"author":[{"embeddable":true,"href":"https:\/\/consultmarketingdigital.dev.br\/mundodarua\/wp-json\/wp\/v2\/users\/6"}],"replies":[{"embeddable":true,"href":"https:\/\/consultmarketingdigital.dev.br\/mundodarua\/wp-json\/wp\/v2\/comments?post=1220"}],"version-history":[{"count":2,"href":"https:\/\/consultmarketingdigital.dev.br\/mundodarua\/wp-json\/wp\/v2\/posts\/1220\/revisions"}],"predecessor-version":[{"id":1225,"href":"https:\/\/consultmarketingdigital.dev.br\/mundodarua\/wp-json\/wp\/v2\/posts\/1220\/revisions\/1225"}],"wp:featuredmedia":[{"embeddable":true,"href":"https:\/\/consultmarketingdigital.dev.br\/mundodarua\/wp-json\/wp\/v2\/media\/1221"}],"wp:attachment":[{"href":"https:\/\/consultmarketingdigital.dev.br\/mundodarua\/wp-json\/wp\/v2\/media?parent=1220"}],"wp:term":[{"taxonomy":"category","embeddable":true,"href":"https:\/\/consultmarketingdigital.dev.br\/mundodarua\/wp-json\/wp\/v2\/categories?post=1220"},{"taxonomy":"post_tag","embeddable":true,"href":"https:\/\/consultmarketingdigital.dev.br\/mundodarua\/wp-json\/wp\/v2\/tags?post=1220"}],"curies":[{"name":"wp","href":"https:\/\/api.w.org\/{rel}","templated":true}]}}