{"id":1155,"date":"2024-11-26T06:00:00","date_gmt":"2024-11-26T09:00:00","guid":{"rendered":"https:\/\/developer.mundodarua.com.br\/?p=1155"},"modified":"2024-12-11T11:17:36","modified_gmt":"2024-12-11T14:17:36","slug":"racionais-mcs-emocionam-fas-com-musica-inedita-em-show-historico-em-sao-paulo","status":"publish","type":"post","link":"https:\/\/consultmarketingdigital.dev.br\/mundodarua\/2024\/11\/26\/racionais-mcs-emocionam-fas-com-musica-inedita-em-show-historico-em-sao-paulo\/","title":{"rendered":"Racionais MC\u2019s lan\u00e7a m\u00fasica in\u00e9dita em show hist\u00f3rico em S\u00e3o Paulo"},"content":{"rendered":"\n<p><\/p>\n\n\n\n<p>O Espa\u00e7o Unimed viveu uma noite que ficar\u00e1 marcada na mem\u00f3ria de todos os presentes. Racionais MC\u2019s, o maior grupo de rap do Brasil, subiu ao palco nesta sexta-feira (22), durante a quarta edi\u00e7\u00e3o da Boogie Week, e trouxe n\u00e3o apenas sua m\u00fasica, mas uma verdadeira celebra\u00e7\u00e3o da cultura e resist\u00eancia negra. Em meio a um show \u00e9pico, com ingressos esgotados para as 8.000 pessoas, o grupo apresentou pela primeira vez sua nova m\u00fasica, \u201cMalandros Online\u201d, com a participa\u00e7\u00e3o dos gigantes Rael e Rincon Sapi\u00eancia. A faixa, que faz parte do aguardado \u00e1lbum previsto para 2025, trouxe uma energia arrebatadora ao setlist.<\/p>\n\n\n\n<p>A m\u00fasica foi apresentada como pen\u00faltima no show, logo antes do cl\u00e1ssico \u201cVida Loka \u2013 Parte 2\u201d, que encerrou a noite com a tradicional chuva de champanhe protagonizada por Ice Blue. Mas essa apresenta\u00e7\u00e3o foi muito al\u00e9m do esperado: o espet\u00e1culo foi uma viagem no tempo pela trajet\u00f3ria dos Racionais. Desde o in\u00edcio, com \u201cP\u00e2nico na Zona Sul\u201d e \u201cTempos Dif\u00edceis\u201d, at\u00e9 as poderosas \u201cNegro Drama\u201d e \u201cDi\u00e1rio de um Detento\u201d, cada m\u00fasica contou com cen\u00e1rios e figurinos que transformaram o palco em uma narrativa viva e pulsante.<\/p>\n\n\n\n<p>Momentos como o de Mano Brown caracterizado como detento, em uma emocionante performance de \u201cDi\u00e1rio de um Detento\u201d, transportaram o p\u00fablico para a hist\u00f3ria do Massacre do Carandiru, em uma das muitas reflex\u00f5es profundas trazidas pelo show. A presen\u00e7a de Dexter, convidado especial para essa can\u00e7\u00e3o, tornou tudo ainda mais memor\u00e1vel. \u201cDividir essa m\u00fasica com o Brown \u00e9 um pr\u00eamio. O rap \u00e9 isso: divers\u00e3o, conhecimento e reflex\u00e3o\u201d, declarou Dexter nos bastidores.<\/p>\n\n\n\n<p>Outro destaque foi a performance de \u201cNegro Drama\u201d, onde o tel\u00e3o homenageou figuras ic\u00f4nicas como Elza Soares, Malcolm X, Concei\u00e7\u00e3o Evaristo e Angela Davis, refor\u00e7ando a ancestralidade e a for\u00e7a da cultura preta. Enquanto isso, KL Jay impressionava em sua estrutura elevada, conduzindo a batida de uma altura vertiginosa, em uma experi\u00eancia visual e sonora \u00fanica.<\/p>\n\n\n\n<p>Antes do show, a cerim\u00f4nia do pr\u00eamio Gr\u00ee\u00f4 emocionou ao homenagear Leci Brand\u00e3o e Nelson Triunfo, s\u00edmbolos da cultura negra no Brasil. O festival, idealizado por Eliane Dias, mais uma vez cumpriu sua miss\u00e3o de celebrar a pot\u00eancia da cultura preta, n\u00e3o s\u00f3 com m\u00fasica, mas tamb\u00e9m com iniciativas como o summit \u201cCaminhos Poss\u00edveis\u201d e uma feira cultural que promoveu empreendedores perif\u00e9ricos.<\/p>\n\n\n\n<p>A Boogie Week ainda reserva mais momentos hist\u00f3ricos, com uma nova apresenta\u00e7\u00e3o dos Racionais no pr\u00f3ximo dia 29, novamente com ingressos esgotados. Mas para quem viveu a noite de ontem, uma coisa \u00e9 certa: a hist\u00f3ria foi feita no palco do Espa\u00e7o Unimed, e a pot\u00eancia dos Racionais continua ecoando, provando que, mais do que m\u00fasica, eles s\u00e3o um movimento.<\/p>\n\n\n\n<iframe class=\"instagram-media instagram-media-rendered\" id=\"instagram-embed-1\" src=\"https:\/\/www.instagram.com\/p\/DCt5HB1p4OE\/embed\/?cr=1&amp;v=14&amp;wp=540&amp;rd=https%3A%2F%2Fwww.uol.com.br&amp;rp=%2Ftoca%2Fnoticias%2F2024%2F11%2F25%2Fracionais-mcs-emocionam-e-apresentam-musica-inedita-em-show-em-sp.htm#%7B%22ci%22%3A1%2C%22os%22%3A1511.3999999761581%2C%22ls%22%3A1241.2999999523163%2C%22le%22%3A1480.1999999284744%7D\" allowtransparency=\"true\" allowfullscreen=\"true\" frameborder=\"0\" height=\"880\" data-instgrm-payload-id=\"instagram-media-payload-1\" scrolling=\"no\" style=\"background: white; max-width: 540px; width: calc(100% - 2px); border-radius: 3px; border: 1px solid rgb(219, 219, 219); box-shadow: none; display: block; margin: 0px 0px 12px; min-width: 326px; padding: 0px;\"><\/iframe>\n","protected":false},"excerpt":{"rendered":"<p>O \u00faltimo domingo, 24 de novembro, marcou uma noite inesquec\u00edvel para os f\u00e3s do Racionais MC\u2019s, que lotaram o Espa\u00e7o Unimed.<\/p>\n","protected":false},"author":1,"featured_media":1159,"comment_status":"closed","ping_status":"closed","sticky":false,"template":"","format":"standard","meta":{"footnotes":""},"categories":[3],"tags":[257,541,542,194,540,195],"class_list":["post-1155","post","type-post","status-publish","format-standard","has-post-thumbnail","hentry","category-musica","tag-destaque","tag-edi-rock","tag-ice-blue","tag-kl-jay","tag-mano-brown","tag-racionais"],"_links":{"self":[{"href":"https:\/\/consultmarketingdigital.dev.br\/mundodarua\/wp-json\/wp\/v2\/posts\/1155","targetHints":{"allow":["GET"]}}],"collection":[{"href":"https:\/\/consultmarketingdigital.dev.br\/mundodarua\/wp-json\/wp\/v2\/posts"}],"about":[{"href":"https:\/\/consultmarketingdigital.dev.br\/mundodarua\/wp-json\/wp\/v2\/types\/post"}],"author":[{"embeddable":true,"href":"https:\/\/consultmarketingdigital.dev.br\/mundodarua\/wp-json\/wp\/v2\/users\/1"}],"replies":[{"embeddable":true,"href":"https:\/\/consultmarketingdigital.dev.br\/mundodarua\/wp-json\/wp\/v2\/comments?post=1155"}],"version-history":[{"count":5,"href":"https:\/\/consultmarketingdigital.dev.br\/mundodarua\/wp-json\/wp\/v2\/posts\/1155\/revisions"}],"predecessor-version":[{"id":1168,"href":"https:\/\/consultmarketingdigital.dev.br\/mundodarua\/wp-json\/wp\/v2\/posts\/1155\/revisions\/1168"}],"wp:featuredmedia":[{"embeddable":true,"href":"https:\/\/consultmarketingdigital.dev.br\/mundodarua\/wp-json\/wp\/v2\/media\/1159"}],"wp:attachment":[{"href":"https:\/\/consultmarketingdigital.dev.br\/mundodarua\/wp-json\/wp\/v2\/media?parent=1155"}],"wp:term":[{"taxonomy":"category","embeddable":true,"href":"https:\/\/consultmarketingdigital.dev.br\/mundodarua\/wp-json\/wp\/v2\/categories?post=1155"},{"taxonomy":"post_tag","embeddable":true,"href":"https:\/\/consultmarketingdigital.dev.br\/mundodarua\/wp-json\/wp\/v2\/tags?post=1155"}],"curies":[{"name":"wp","href":"https:\/\/api.w.org\/{rel}","templated":true}]}}